{"id":671,"date":"2021-12-01T11:43:07","date_gmt":"2021-12-01T14:43:07","guid":{"rendered":"https:\/\/netjacarei.com.br\/blog\/?p=671"},"modified":"2023-11-22T12:17:31","modified_gmt":"2023-11-22T15:17:31","slug":"o-verao-esta-chegando","status":"publish","type":"post","link":"https:\/\/netjacarei.com.br\/blog\/o-verao-esta-chegando\/","title":{"rendered":"O ver\u00e3o est\u00e1 chegando com for\u00e7a total e precisamos proteger nossa pele"},"content":{"rendered":"\n<p>Dezembro \u00e9 voltado para o alerta sobre os cuidados com a pele. \u00c9 o m\u00eas de conscientizar toda a sociedade sobre a import\u00e2ncia da preven\u00e7\u00e3o e do diagn\u00f3stico precoce do c\u00e2ncer de pele.<\/p>\n\n\n\n<p>Desse modo, assim como em Outubro e&nbsp;Novembro promovemos a preven\u00e7\u00e3o do c\u00e2ncer de mama e pr\u00f3stata, em Dezembro \u00e9 a vez de fazer as pessoas saberem sobre o c\u00e2ncer de pele, as principais medidas para evit\u00e1-lo e o surgimento de problemas avan\u00e7ados.&nbsp;<\/p>\n\n\n\n<p>Por isso a Net Jacare\u00ed apoia e ajuda a divulgar o Dezembro Laranja. O objetivo principal \u00e9 conscientizar sobre a preven\u00e7\u00e3o e o diagn\u00f3stico precoce desse tipo de c\u00e2ncer, mas continua muito necess\u00e1rio refor\u00e7ar sobre a necessidade de se proteger do sol.<\/p>\n\n\n\n<p>O c\u00e2ncer da pele \u00e9 o tipo mais incidente no Brasil, com cerca de 180 mil novos casos ao ano. Por\u00e9m, quando descoberto&nbsp;no in\u00edcio, tem mais de 90% de chances de cura.<\/p>\n\n\n\n<p>Sabe-se que o perfil mais afetado \u00e9 o de pessoas de pele clara acima dos 40 anos. No entanto, embora o c\u00e2ncer de pele se desenvolva mais nessa faixa et\u00e1ria, o INCA (Instituto Nacional de C\u00e2ncer) aponta que a principal causa \u00e9 a&nbsp;exposi\u00e7\u00e3o prolongada ao sol durante a inf\u00e2ncia e a adolesc\u00eancia, com impactos tardios nas c\u00e9lulas cut\u00e2neas.<\/p>\n\n\n\n<p>Vale a pena lembrar tamb\u00e9m que a exposi\u00e7\u00e3o em c\u00e2maras de bronzeamento artificial e o hist\u00f3rico familiar de c\u00e2ncer de pele s\u00e3o outros fatores de risco.<\/p>\n\n\n\n<p>Desde 2014, a Sociedade Brasileira de Dermatologia realiza&nbsp;diferentes a\u00e7\u00f5es, em parceria com institui\u00e7\u00f5es p\u00fablicas e privadas, para informar a popula\u00e7\u00e3o&nbsp;sobre as principais formas de se prevenir e para incentivar&nbsp;consultas com m\u00e9dicos especializados para diagn\u00f3stico e tratamento.&nbsp;<\/p>\n\n\n\n<p>Nesta semana, a campanha completa oito anos e promove, em todo o pa\u00eds, o in\u00edcio de a\u00e7\u00f5es que fortalecem a import\u00e2ncia da informa\u00e7\u00e3o (e educa\u00e7\u00e3o em sa\u00fade) para a preven\u00e7\u00e3o do c\u00e2ncer de pele.<\/p>\n\n\n\n<p>\u00c9 importante enfatizar que o c\u00e2ncer da pele \u00e9 uma doen\u00e7a s\u00e9ria e que a conscientiza\u00e7\u00e3o sobre como evit\u00e1-la deve come\u00e7ar na inf\u00e2ncia.<\/p>\n\n\n\n<h2 class=\"wp-block-heading\">Como se prevenir do c\u00e2ncer de pele?<\/h2>\n\n\n\n<p>Conhe\u00e7a algumas dicas simples, mas que fazem toda a diferen\u00e7a na preven\u00e7\u00e3o ao c\u00e2ncer de pele:<\/p>\n\n\n\n<p><strong>Usar o filtro solar corretamente<\/strong> &#8211; Protetores devem ser aplicados todos os dias, mesmo quando n\u00e3o h\u00e1 exposi\u00e7\u00e3o direta ao sol. O fator de prote\u00e7\u00e3o solar (FPS) recomendado \u00e9 de 30, pelo menos, mas pode ser maior dependendo do tipo de pele.<\/p>\n\n\n\n<p><strong>Investir em roupas e acess\u00f3rios especiais<\/strong> &#8211; Ao se expor ao sol, vale a pena utilizar acess\u00f3rios como \u00f3culos escuros, bon\u00e9s ou chap\u00e9us. Al\u00e9m disso, algumas roupas t\u00eam fator de prote\u00e7\u00e3o ultravioleta (FPU).<\/p>\n\n\n\n<p><strong>Exposi\u00e7\u00e3o ao sol com modera\u00e7\u00e3o<\/strong>&nbsp;&#8211; \u00c9 importante tomar sol diariamente, mas essa exposi\u00e7\u00e3o deve ocorrer antes das 10h e ap\u00f3s as 16h, evitando o intervalo que apresenta maior incid\u00eancia de raios ultravioletas.<\/p>\n\n\n\n<p><strong>Prestar aten\u00e7\u00e3o aos sintomas<\/strong>&nbsp;&#8211; Observe a sua pele regularmente e, caso note sinais como pintas novas, manchas e outras altera\u00e7\u00f5es, procure&nbsp;um m\u00e9dico especialista.<\/p>\n\n\n\n<p>Como voc\u00ea viu, o fator de risco para o c\u00e2ncer de pele pode ser reduzido com medidas de prote\u00e7\u00e3o \u00e0 exposi\u00e7\u00e3o solar.<\/p>\n\n\n\n<p>O Brasil \u00e9 um pa\u00eds bastante ensolarado na maior parte do ano. Por isso torna-se ainda mais importante ajudar a espalhar essa&nbsp;cultura de preven\u00e7\u00e3o, o que pode trazer impactos significativos na incid\u00eancia dos casos.<\/p>\n\n\n\n<p>Neste ano, o ver\u00e3o chegou com for\u00e7a total e a Net Jacare\u00ed, em seus canais de comunica\u00e7\u00e3o, desde o in\u00edcio do m\u00eas, deseja propagar a import\u00e2ncia sobre os cuidados com a pele.&nbsp;<\/p>\n\n\n\n<p>A mobiliza\u00e7\u00e3o visa disseminar informa\u00e7\u00f5es sobre a preven\u00e7\u00e3o, sempre ressaltando a necessidade de a sociedade olhar com aten\u00e7\u00e3o para a pr\u00f3pria sa\u00fade, visitando um m\u00e9dico especialista regularmente, desde jovem.<\/p>\n\n\n\n<p>A Net Jacare\u00ed acredita que a informa\u00e7\u00e3o pode transformar e melhorar a vida de todos n\u00f3s.<\/p>\n\n\n\n<p><em>Aten\u00e7\u00e3o: A informa\u00e7\u00e3o existente nesse texto pretende apoiar e n\u00e3o substituir a consulta m\u00e9dica. Procure sempre o seu m\u00e9dico de confian\u00e7a.&nbsp;<\/em><\/p>\n","protected":false},"excerpt":{"rendered":"<p>Dezembro \u00e9 voltado para o alerta sobre os cuidados com a pele. \u00c9 o m\u00eas de conscientizar toda a sociedade sobre a import\u00e2ncia da preven\u00e7\u00e3o e do diagn\u00f3stico precoce do c\u00e2ncer de pele. Desse modo, assim como em Outubro e&nbsp;Novembro promovemos a preven\u00e7\u00e3o do c\u00e2ncer de mama e pr\u00f3stata, em Dezembro \u00e9 a vez de [&hellip;]<\/p>\n","protected":false},"author":4,"featured_media":672,"comment_status":"closed","ping_status":"closed","sticky":false,"template":"","format":"standard","meta":{"footnotes":""},"categories":[5,252,250],"tags":[257,256,96,258],"class_list":["post-671","post","type-post","status-publish","format-standard","has-post-thumbnail","hentry","category-dicas","category-qualidade-de-vida","category-saude","tag-cancer-de-pele","tag-dezembro-laranja","tag-featured","tag-verao-chegou"],"_links":{"self":[{"href":"https:\/\/netjacarei.com.br\/blog\/wp-json\/wp\/v2\/posts\/671","targetHints":{"allow":["GET"]}}],"collection":[{"href":"https:\/\/netjacarei.com.br\/blog\/wp-json\/wp\/v2\/posts"}],"about":[{"href":"https:\/\/netjacarei.com.br\/blog\/wp-json\/wp\/v2\/types\/post"}],"author":[{"embeddable":true,"href":"https:\/\/netjacarei.com.br\/blog\/wp-json\/wp\/v2\/users\/4"}],"replies":[{"embeddable":true,"href":"https:\/\/netjacarei.com.br\/blog\/wp-json\/wp\/v2\/comments?post=671"}],"version-history":[{"count":2,"href":"https:\/\/netjacarei.com.br\/blog\/wp-json\/wp\/v2\/posts\/671\/revisions"}],"predecessor-version":[{"id":674,"href":"https:\/\/netjacarei.com.br\/blog\/wp-json\/wp\/v2\/posts\/671\/revisions\/674"}],"wp:featuredmedia":[{"embeddable":true,"href":"https:\/\/netjacarei.com.br\/blog\/wp-json\/wp\/v2\/media\/672"}],"wp:attachment":[{"href":"https:\/\/netjacarei.com.br\/blog\/wp-json\/wp\/v2\/media?parent=671"}],"wp:term":[{"taxonomy":"category","embeddable":true,"href":"https:\/\/netjacarei.com.br\/blog\/wp-json\/wp\/v2\/categories?post=671"},{"taxonomy":"post_tag","embeddable":true,"href":"https:\/\/netjacarei.com.br\/blog\/wp-json\/wp\/v2\/tags?post=671"}],"curies":[{"name":"wp","href":"https:\/\/api.w.org\/{rel}","templated":true}]}}