{"id":661,"date":"2021-11-01T08:55:39","date_gmt":"2021-11-01T11:55:39","guid":{"rendered":"https:\/\/netjacarei.com.br\/blog\/?p=661"},"modified":"2023-11-22T12:17:31","modified_gmt":"2023-11-22T15:17:31","slug":"novembro-azul","status":"publish","type":"post","link":"https:\/\/netjacarei.com.br\/blog\/novembro-azul\/","title":{"rendered":"Novembro, m\u00eas de conscientizar os homens a cuidarem de sua sa\u00fade"},"content":{"rendered":"\n<p>Se o m\u00eas de outubro \u00e9 voltado para a conscientiza\u00e7\u00e3o sobre o c\u00e2ncer de mama, o m\u00eas de novembro tem como alvo o c\u00e2ncer de pr\u00f3stata.<\/p>\n\n\n\n<p>Chegou a vez de conscientizar os homens sobre os cuidados com a sa\u00fade, principalmente em rela\u00e7\u00e3o ao c\u00e2ncer de pr\u00f3stata.<\/p>\n\n\n\n<p>A campanha realizada mundialmente, no pen\u00faltimo m\u00eas do ano, possui a inten\u00e7\u00e3o de alertar a sociedade sobre a import\u00e2ncia do diagn\u00f3stico precoce do c\u00e2ncer que afeta o sexo masculino.<\/p>\n\n\n\n<p>Vale a pena refor\u00e7ar que, al\u00e9m de evitar o surgimento de problemas avan\u00e7ados, campanhas como Novembro Azul,&nbsp;que conscientizam sobre exames preventivos, promovem a qualidade de vida.<\/p>\n\n\n\n<p>A mobiliza\u00e7\u00e3o visa disseminar informa\u00e7\u00f5es sobre a preven\u00e7\u00e3o, sempre ressaltando a necessidade de os homens olharem com aten\u00e7\u00e3o para a pr\u00f3pria sa\u00fade, realizando os exames anuais e regulares.<\/p>\n\n\n\n<p>Trata-se tamb\u00e9m de uma&nbsp;campanha&nbsp;essencial&nbsp;para a quebra de tabus e n\u00e3o s\u00f3 para a divulga\u00e7\u00e3o de informa\u00e7\u00f5es significativas sobre a doen\u00e7a, j\u00e1 que o diagn\u00f3stico envolve o toque retal, um exame&nbsp;ainda cercado de preconceito e com muitos homens relutando em realiz\u00e1-lo.<\/p>\n\n\n\n<p>Durante todo o m\u00eas, diversas institui\u00e7\u00f5es abordam o tema para encorajar homens a realizarem esses exames t\u00e3o importantes. E a Net Jacare\u00ed, engajada em promover qualidade de vida, \u00e9 uma das empresas que apoia e refor\u00e7a o Novembro Azul.&nbsp;<\/p>\n\n\n\n<p>Mais uma vez, vamos promover iniciativas de conscientiza\u00e7\u00e3o dentro da empresa e divulgar esta campanha imprescind\u00edvel em nossas redes sociais.<\/p>\n\n\n\n<p><strong>Como surgiu o movimento Novembro Azul?<\/strong><\/p>\n\n\n\n<p>O movimento internacional de conscientiza\u00e7\u00e3o sobre o <a href=\"https:\/\/www.inca.gov.br\/tipos-de-cancer\/cancer-de-prostata\">c\u00e2ncer de pr\u00f3stata<\/a> surgiu&nbsp;em 2003 na Austr\u00e1lia (Melbourne), com um grupo de amigos que decidiu deixar o bigode crescer, a fim de chamar aten\u00e7\u00e3o para a sa\u00fade masculina.&nbsp;<\/p>\n\n\n\n<p>Tudo come\u00e7ou a partir da iniciativa de dois amigos, Travis Garone e Luke Slattery, que estavam se divertindo em um pub ao cogitarem usar um bigode, que estava fora de moda na \u00e9poca.<\/p>\n\n\n\n<p>Inspirados pela campanha da m\u00e3e de um colega, que levantava fundos para o combate ao c\u00e2ncer de mama, Travis e Luke tiveram a ideia de associar o bigode com a conscientiza\u00e7\u00e3o sobre a sa\u00fade masculina.<\/p>\n\n\n\n<p>Escolheram o m\u00eas de novembro para deixar o bigode crescer j\u00e1 que, no dia 17, comemorava-se o Dia Mundial do Combate ao C\u00e2ncer de Pr\u00f3stata.&nbsp;<\/p>\n\n\n\n<p>Naquele ano, aproximadamente 30 amigos aceitaram participar da campanha e, como muita gente se interessava pelos bigod\u00f5es, a hist\u00f3ria foi se espalhando.<\/p>\n\n\n\n<p>No ano seguinte, surgiu a&nbsp;Movember Foundation \u2013&nbsp;o nome veio da jun\u00e7\u00e3o das palavras&nbsp;moustache&nbsp;(\u201cbigode\u201d) e&nbsp;November&nbsp;(\u201cnovembro\u201d) \u2013, uma organiza\u00e7\u00e3o sem fins lucrativos que visava \u00e0 arrecada\u00e7\u00e3o de fundos para o combate ao c\u00e2ncer de pr\u00f3stata.&nbsp;<\/p>\n\n\n\n<p>Tamb\u00e9m foi criada uma plataforma on-line para receber doa\u00e7\u00f5es, na qual os homens podiam compartilhar fotos da evolu\u00e7\u00e3o de seus bigodes durante o m\u00eas.<\/p>\n\n\n\n<p>Com o passar dos anos, a campanha atraiu cada vez mais participantes e se espalhou para mais de 20 pa\u00edses, passando a ser conhecida tamb\u00e9m como&nbsp;No-Shave November, algo como \u201cnovembro sem barbear\u201d.<\/p>\n\n\n\n<p>\u00c9 por esse motivo que, mais do que deixar apenas o bigode crescer, observamos alguns homens cultivando tamb\u00e9m a barba durante este m\u00eas.&nbsp;<\/p>\n\n\n\n<p>As mulheres, por sua vez, s\u00e3o incentivadas a participar da campanha usando bigodes falsos e roupas na cor azul, que simboliza a luta contra o c\u00e2ncer de pr\u00f3stata, motivo que tornou o movimento conhecido como Novembro Azul, aqui no Brasil.<\/p>\n\n\n\n<p><strong>Sobre o c\u00e2ncer de pr\u00f3stata&nbsp;<\/strong><\/p>\n\n\n\n<p>Segundo o Instituto Nacional do C\u00e2ncer (INCA), o c\u00e2ncer de pr\u00f3stata \u00e9 o segundo mais comum entre os homens no Brasil, perde apenas para o c\u00e2ncer de pele do tipo n\u00e3o melanoma. &nbsp;<\/p>\n\n\n\n<p>A pr\u00f3stata \u00e9 uma gl\u00e2ndula que s\u00f3 o homem possui e que se localiza na parte baixa do abd\u00f4men. Ela \u00e9 um \u00f3rg\u00e3o pequeno, tem a forma de ma\u00e7\u00e3 e se situa logo abaixo da bexiga e \u00e0 frente do reto (parte final do intestino grosso).&nbsp;<\/p>\n\n\n\n<p>Para o INCA, mais do que qualquer outro tipo, o c\u00e2ncer de pr\u00f3stata \u00e9 considerado um c\u00e2ncer da terceira idade, j\u00e1 que cerca de 75% dos casos no mundo ocorrem a partir dos 65 anos.<\/p>\n\n\n\n<p>O aumento observado nas taxas de incid\u00eancia no Brasil pode ser parcialmente justificado pela evolu\u00e7\u00e3o dos m\u00e9todos diagn\u00f3sticos (toque retal e PSA), pela melhoria na qualidade dos sistemas de informa\u00e7\u00e3o do pa\u00eds e pelo aumento na expectativa de vida.<\/p>\n\n\n\n<p>Alguns desses tumores podem crescer de forma r\u00e1pida, espalhando-se para outros \u00f3rg\u00e3os e podendo levar \u00e0 morte. A maioria, por\u00e9m, cresce de forma t\u00e3o lenta (leva cerca de 15 anos para atingir 1 cm\u00b3) e n\u00e3o d\u00e1 sinais, nem amea\u00e7a a sa\u00fade do homem.<\/p>\n\n\n\n<p>A detec\u00e7\u00e3o precoce pode ser feita por meio da investiga\u00e7\u00e3o com exames cl\u00ednicos, laboratoriais, endosc\u00f3pios ou radiol\u00f3gicos, de pessoas com sinais e sintomas sugestivos da doen\u00e7a, ou de pessoas sem sinais ou sintomas, mas pertencentes a grupos com maior chance de ter a doen\u00e7a.&nbsp;<\/p>\n\n\n\n<p>No caso do c\u00e2ncer de pr\u00f3stata, esses exames s\u00e3o o toque retal e o exame de sangue para avaliar a dosagem do PSA (ant\u00edgeno prost\u00e1tico espec\u00edfico).<\/p>\n\n\n\n<p>O diagn\u00f3stico \u00e9 feito atrav\u00e9s da bi\u00f3psia prost\u00e1tica por via trans-retal ou trans-perineal e guiada por ultrassonografia e\/ou resson\u00e2ncia magn\u00e9tica. A indica\u00e7\u00e3o de bi\u00f3psia depende do toque retal e dos valores de PSA.<\/p>\n\n\n\n<p><br>Homens com risco elevado de c\u00e2ncer de pr\u00f3stata devem conversar com seu m\u00e9dico (urologista) para avalia\u00e7\u00e3o e defini\u00e7\u00e3o da conduta a ser adotada, j\u00e1 que diagnosticar o c\u00e2ncer precocemente aumenta significantemente as chances de cura.<\/p>\n\n\n\n<p>A Net Jacare\u00ed, em seus canais de comunica\u00e7\u00e3o, apoia iniciativas e h\u00e1bitos que contribuam para melhorar a qualidade de vida, buscando sempre conscientizar e propagar a import\u00e2ncia sobre os cuidados com a nossa sa\u00fade.&nbsp;<\/p>\n\n\n\n<p>Como j\u00e1 alertamos aqui, em outros textos, a preven\u00e7\u00e3o de doen\u00e7as \u00e9 uma pr\u00e1tica que precisa entrar na rotina da popula\u00e7\u00e3o.&nbsp;<\/p>\n\n\n\n<p>Por isso, abra\u00e7amos campanhas como o Novembro Azul, visando levar informa\u00e7\u00f5es importantes para o maior n\u00famero poss\u00edvel de pessoas.&nbsp;<\/p>\n\n\n\n<p>Acreditamos que a informa\u00e7\u00e3o pode transformar e melhorar a vida de todos n\u00f3s.<\/p>\n\n\n\n<p><strong>Aten\u00e7\u00e3o:<\/strong> A informa\u00e7\u00e3o existente nesse texto pretende apoiar e n\u00e3o substituir a consulta m\u00e9dica. Procure sempre o seu m\u00e9dico de confian\u00e7a.&nbsp;<\/p>\n","protected":false},"excerpt":{"rendered":"<p>Se o m\u00eas de outubro \u00e9 voltado para a conscientiza\u00e7\u00e3o sobre o c\u00e2ncer de mama, o m\u00eas de novembro tem como alvo o c\u00e2ncer de pr\u00f3stata. Chegou a vez de conscientizar os homens sobre os cuidados com a sa\u00fade, principalmente em rela\u00e7\u00e3o ao c\u00e2ncer de pr\u00f3stata. A campanha realizada mundialmente, no pen\u00faltimo m\u00eas do ano, [&hellip;]<\/p>\n","protected":false},"author":4,"featured_media":662,"comment_status":"closed","ping_status":"closed","sticky":false,"template":"","format":"standard","meta":{"footnotes":""},"categories":[251,252,250],"tags":[96,255],"class_list":["post-661","post","type-post","status-publish","format-standard","has-post-thumbnail","hentry","category-campanhas-sociais","category-qualidade-de-vida","category-saude","tag-featured","tag-novembro-azul"],"_links":{"self":[{"href":"https:\/\/netjacarei.com.br\/blog\/wp-json\/wp\/v2\/posts\/661","targetHints":{"allow":["GET"]}}],"collection":[{"href":"https:\/\/netjacarei.com.br\/blog\/wp-json\/wp\/v2\/posts"}],"about":[{"href":"https:\/\/netjacarei.com.br\/blog\/wp-json\/wp\/v2\/types\/post"}],"author":[{"embeddable":true,"href":"https:\/\/netjacarei.com.br\/blog\/wp-json\/wp\/v2\/users\/4"}],"replies":[{"embeddable":true,"href":"https:\/\/netjacarei.com.br\/blog\/wp-json\/wp\/v2\/comments?post=661"}],"version-history":[{"count":3,"href":"https:\/\/netjacarei.com.br\/blog\/wp-json\/wp\/v2\/posts\/661\/revisions"}],"predecessor-version":[{"id":665,"href":"https:\/\/netjacarei.com.br\/blog\/wp-json\/wp\/v2\/posts\/661\/revisions\/665"}],"wp:featuredmedia":[{"embeddable":true,"href":"https:\/\/netjacarei.com.br\/blog\/wp-json\/wp\/v2\/media\/662"}],"wp:attachment":[{"href":"https:\/\/netjacarei.com.br\/blog\/wp-json\/wp\/v2\/media?parent=661"}],"wp:term":[{"taxonomy":"category","embeddable":true,"href":"https:\/\/netjacarei.com.br\/blog\/wp-json\/wp\/v2\/categories?post=661"},{"taxonomy":"post_tag","embeddable":true,"href":"https:\/\/netjacarei.com.br\/blog\/wp-json\/wp\/v2\/tags?post=661"}],"curies":[{"name":"wp","href":"https:\/\/api.w.org\/{rel}","templated":true}]}}